{"id":9104,"count":1,"description":"A gaveta de aquecimento \u00e9 um acess\u00f3rio perfeito para a sua cozinha, uma vez que se encaixa perfeitamente nos nossos fornos compactos, e transforma um espa\u00e7o pequeno num eletrodom\u00e9stico que poder\u00e1 desfrutar todos os dias.","link":"https:\/\/www.home-kueppersbusch.com\/pt-pt\/fornos-e-compactos\/compactos\/","name":"K\u00dcPPERSBUSCH-Ovens-Compact","slug":"compactos","taxonomy":"product_cat","parent":8031,"meta":[],"acf":[],"yoast_head":"<!-- This site is optimized with the Yoast SEO plugin v27.5 - https:\/\/yoast.com\/product\/yoast-seo-wordpress\/ -->\n<title>Forno compactos | K\u00fcppersbusch Portugal<\/title>\n<meta name=\"description\" content=\"Os nossos fornos compactos s\u00e3o a melhor op\u00e7\u00e3o para ter eletrodom\u00e9sticos com a \u00faltima tecnologia em cozinhas mais pequenas.\" \/>\n<meta name=\"robots\" content=\"index, follow, max-snippet:-1, max-image-preview:large, max-video-preview:-1\" \/>\n<link rel=\"canonical\" href=\"https:\/\/www.home-kueppersbusch.com\/pt-pt\/fornos-e-compactos\/compactos\/\" \/>\n<meta property=\"og:locale\" content=\"pt_PT\" \/>\n<meta property=\"og:type\" content=\"article\" \/>\n<meta property=\"og:title\" content=\"Forno compactos | K\u00fcppersbusch Portugal\" \/>\n<meta property=\"og:description\" content=\"Os nossos fornos compactos s\u00e3o a melhor op\u00e7\u00e3o para ter eletrodom\u00e9sticos com a \u00faltima tecnologia em cozinhas mais pequenas.\" \/>\n<meta property=\"og:url\" content=\"https:\/\/www.home-kueppersbusch.com\/pt-pt\/fornos-e-compactos\/compactos\/\" \/>\n<meta property=\"og:site_name\" content=\"K\u00fcppersbusch Portugal\" \/>\n<meta name=\"twitter:card\" content=\"summary_large_image\" \/>\n<script type=\"application\/ld+json\" class=\"yoast-schema-graph\">{\"@context\":\"https:\\\/\\\/schema.org\",\"@graph\":[{\"@type\":\"CollectionPage\",\"@id\":\"https:\\\/\\\/www.home-kueppersbusch.com\\\/pt-pt\\\/fornos-e-compactos\\\/compactos\\\/\",\"url\":\"https:\\\/\\\/www.home-kueppersbusch.com\\\/pt-pt\\\/fornos-e-compactos\\\/compactos\\\/\",\"name\":\"Forno compactos | K\u00fcppersbusch Portugal\",\"isPartOf\":{\"@id\":\"https:\\\/\\\/www.home-kueppersbusch.com\\\/pt-pt\\\/#website\"},\"description\":\"Os nossos fornos compactos s\u00e3o a melhor op\u00e7\u00e3o para ter eletrodom\u00e9sticos com a \u00faltima tecnologia em cozinhas mais pequenas.\",\"breadcrumb\":{\"@id\":\"https:\\\/\\\/www.home-kueppersbusch.com\\\/pt-pt\\\/fornos-e-compactos\\\/compactos\\\/#breadcrumb\"},\"inLanguage\":\"pt-PT\"},{\"@type\":\"BreadcrumbList\",\"@id\":\"https:\\\/\\\/www.home-kueppersbusch.com\\\/pt-pt\\\/fornos-e-compactos\\\/compactos\\\/#breadcrumb\",\"itemListElement\":[{\"@type\":\"ListItem\",\"position\":1,\"name\":\"Fornos e compactos\",\"item\":\"https:\\\/\\\/www.home-kueppersbusch.com\\\/pt-pt\\\/fornos-e-compactos\\\/\"},{\"@type\":\"ListItem\",\"position\":2,\"name\":\"K\u00dcPPERSBUSCH-Ovens-Compact\"}]},{\"@type\":\"WebSite\",\"@id\":\"https:\\\/\\\/www.home-kueppersbusch.com\\\/pt-pt\\\/#website\",\"url\":\"https:\\\/\\\/www.home-kueppersbusch.com\\\/pt-pt\\\/\",\"name\":\"K\u00fcppersbusch Portugal\",\"description\":\"\",\"potentialAction\":[{\"@type\":\"SearchAction\",\"target\":{\"@type\":\"EntryPoint\",\"urlTemplate\":\"https:\\\/\\\/www.home-kueppersbusch.com\\\/pt-pt\\\/?s={search_term_string}\"},\"query-input\":{\"@type\":\"PropertyValueSpecification\",\"valueRequired\":true,\"valueName\":\"search_term_string\"}}],\"inLanguage\":\"pt-PT\"}]}<\/script>\n<!-- \/ Yoast SEO plugin. -->","yoast_head_json":{"title":"Forno compactos | K\u00fcppersbusch Portugal","description":"Os nossos fornos compactos s\u00e3o a melhor op\u00e7\u00e3o para ter eletrodom\u00e9sticos com a \u00faltima tecnologia em cozinhas mais pequenas.","robots":{"index":"index","follow":"follow","max-snippet":"max-snippet:-1","max-image-preview":"max-image-preview:large","max-video-preview":"max-video-preview:-1"},"canonical":"https:\/\/www.home-kueppersbusch.com\/pt-pt\/fornos-e-compactos\/compactos\/","og_locale":"pt_PT","og_type":"article","og_title":"Forno compactos | K\u00fcppersbusch Portugal","og_description":"Os nossos fornos compactos s\u00e3o a melhor op\u00e7\u00e3o para ter eletrodom\u00e9sticos com a \u00faltima tecnologia em cozinhas mais pequenas.","og_url":"https:\/\/www.home-kueppersbusch.com\/pt-pt\/fornos-e-compactos\/compactos\/","og_site_name":"K\u00fcppersbusch Portugal","twitter_card":"summary_large_image","schema":{"@context":"https:\/\/schema.org","@graph":[{"@type":"CollectionPage","@id":"https:\/\/www.home-kueppersbusch.com\/pt-pt\/fornos-e-compactos\/compactos\/","url":"https:\/\/www.home-kueppersbusch.com\/pt-pt\/fornos-e-compactos\/compactos\/","name":"Forno compactos | K\u00fcppersbusch Portugal","isPartOf":{"@id":"https:\/\/www.home-kueppersbusch.com\/pt-pt\/#website"},"description":"Os nossos fornos compactos s\u00e3o a melhor op\u00e7\u00e3o para ter eletrodom\u00e9sticos com a \u00faltima tecnologia em cozinhas mais pequenas.","breadcrumb":{"@id":"https:\/\/www.home-kueppersbusch.com\/pt-pt\/fornos-e-compactos\/compactos\/#breadcrumb"},"inLanguage":"pt-PT"},{"@type":"BreadcrumbList","@id":"https:\/\/www.home-kueppersbusch.com\/pt-pt\/fornos-e-compactos\/compactos\/#breadcrumb","itemListElement":[{"@type":"ListItem","position":1,"name":"Fornos e compactos","item":"https:\/\/www.home-kueppersbusch.com\/pt-pt\/fornos-e-compactos\/"},{"@type":"ListItem","position":2,"name":"K\u00dcPPERSBUSCH-Ovens-Compact"}]},{"@type":"WebSite","@id":"https:\/\/www.home-kueppersbusch.com\/pt-pt\/#website","url":"https:\/\/www.home-kueppersbusch.com\/pt-pt\/","name":"K\u00fcppersbusch Portugal","description":"","potentialAction":[{"@type":"SearchAction","target":{"@type":"EntryPoint","urlTemplate":"https:\/\/www.home-kueppersbusch.com\/pt-pt\/?s={search_term_string}"},"query-input":{"@type":"PropertyValueSpecification","valueRequired":true,"valueName":"search_term_string"}}],"inLanguage":"pt-PT"}]}},"_links":{"self":[{"href":"https:\/\/www.home-kueppersbusch.com\/pt-pt\/wp-json\/wp\/v2\/product_cat\/9104","targetHints":{"allow":["GET"]}}],"collection":[{"href":"https:\/\/www.home-kueppersbusch.com\/pt-pt\/wp-json\/wp\/v2\/product_cat"}],"about":[{"href":"https:\/\/www.home-kueppersbusch.com\/pt-pt\/wp-json\/wp\/v2\/taxonomies\/product_cat"}],"up":[{"embeddable":true,"href":"https:\/\/www.home-kueppersbusch.com\/pt-pt\/wp-json\/wp\/v2\/product_cat\/8031"}],"wp:post_type":[{"href":"https:\/\/www.home-kueppersbusch.com\/pt-pt\/wp-json\/wp\/v2\/product?product_cat=9104"}],"curies":[{"name":"wp","href":"https:\/\/api.w.org\/{rel}","templated":true}]}}