{"id":8043,"count":2,"description":"No \u00e2mbito da poupan\u00e7a energ\u00e9tica na constru\u00e7\u00e3o ou renova\u00e7\u00e3o de habita\u00e7\u00f5es, torna-se cada vez mais importante, as caixas de ar circulante em combina\u00e7\u00e3o com uma ventoinha de teto s\u00e3o uma alternativa ideal \u00e0 ventila\u00e7\u00e3o para o exterior.","link":"https:\/\/www.home-kueppersbusch.com\/pt-pt\/exaustores\/exaustores-de-teto\/","name":"K\u00dcPPERSBUSCH-Hoods-BuiltIn","slug":"exaustores-de-teto","taxonomy":"product_cat","parent":8042,"meta":[],"acf":[],"yoast_head":"<!-- This site is optimized with the Yoast SEO plugin v27.5 - https:\/\/yoast.com\/product\/yoast-seo-wordpress\/ -->\n<title>Exaustores de teto | K\u00fcppersbusch Portugal<\/title>\n<meta name=\"description\" content=\"As caixas de ar circulante em combina\u00e7\u00e3o com uma ventoinha de teto s\u00e3o uma alternativa ideal \u00e0 ventila\u00e7\u00e3o para o exterior.\" \/>\n<meta name=\"robots\" content=\"index, follow, max-snippet:-1, max-image-preview:large, max-video-preview:-1\" \/>\n<link rel=\"canonical\" href=\"https:\/\/www.home-kueppersbusch.com\/pt-pt\/exaustores\/exaustores-de-teto\/\" \/>\n<meta property=\"og:locale\" content=\"pt_PT\" \/>\n<meta property=\"og:type\" content=\"article\" \/>\n<meta property=\"og:title\" content=\"Exaustores de teto | K\u00fcppersbusch Portugal\" \/>\n<meta property=\"og:description\" content=\"As caixas de ar circulante em combina\u00e7\u00e3o com uma ventoinha de teto s\u00e3o uma alternativa ideal \u00e0 ventila\u00e7\u00e3o para o exterior.\" \/>\n<meta property=\"og:url\" content=\"https:\/\/www.home-kueppersbusch.com\/pt-pt\/exaustores\/exaustores-de-teto\/\" \/>\n<meta property=\"og:site_name\" content=\"K\u00fcppersbusch Portugal\" \/>\n<meta name=\"twitter:card\" content=\"summary_large_image\" \/>\n<script type=\"application\/ld+json\" class=\"yoast-schema-graph\">{\"@context\":\"https:\\\/\\\/schema.org\",\"@graph\":[{\"@type\":\"CollectionPage\",\"@id\":\"https:\\\/\\\/www.home-kueppersbusch.com\\\/pt-pt\\\/exaustores\\\/exaustores-de-teto\\\/\",\"url\":\"https:\\\/\\\/www.home-kueppersbusch.com\\\/pt-pt\\\/exaustores\\\/exaustores-de-teto\\\/\",\"name\":\"Exaustores de teto | K\u00fcppersbusch Portugal\",\"isPartOf\":{\"@id\":\"https:\\\/\\\/www.home-kueppersbusch.com\\\/pt-pt\\\/#website\"},\"description\":\"As caixas de ar circulante em combina\u00e7\u00e3o com uma ventoinha de teto s\u00e3o uma alternativa ideal \u00e0 ventila\u00e7\u00e3o para o exterior.\",\"breadcrumb\":{\"@id\":\"https:\\\/\\\/www.home-kueppersbusch.com\\\/pt-pt\\\/exaustores\\\/exaustores-de-teto\\\/#breadcrumb\"},\"inLanguage\":\"pt-PT\"},{\"@type\":\"BreadcrumbList\",\"@id\":\"https:\\\/\\\/www.home-kueppersbusch.com\\\/pt-pt\\\/exaustores\\\/exaustores-de-teto\\\/#breadcrumb\",\"itemListElement\":[{\"@type\":\"ListItem\",\"position\":1,\"name\":\"Exaustores\",\"item\":\"https:\\\/\\\/www.home-kueppersbusch.com\\\/pt-pt\\\/exaustores\\\/\"},{\"@type\":\"ListItem\",\"position\":2,\"name\":\"Exaustores de teto\"}]},{\"@type\":\"WebSite\",\"@id\":\"https:\\\/\\\/www.home-kueppersbusch.com\\\/pt-pt\\\/#website\",\"url\":\"https:\\\/\\\/www.home-kueppersbusch.com\\\/pt-pt\\\/\",\"name\":\"K\u00fcppersbusch Portugal\",\"description\":\"\",\"potentialAction\":[{\"@type\":\"SearchAction\",\"target\":{\"@type\":\"EntryPoint\",\"urlTemplate\":\"https:\\\/\\\/www.home-kueppersbusch.com\\\/pt-pt\\\/?s={search_term_string}\"},\"query-input\":{\"@type\":\"PropertyValueSpecification\",\"valueRequired\":true,\"valueName\":\"search_term_string\"}}],\"inLanguage\":\"pt-PT\"}]}<\/script>\n<!-- \/ Yoast SEO plugin. -->","yoast_head_json":{"title":"Exaustores de teto | K\u00fcppersbusch Portugal","description":"As caixas de ar circulante em combina\u00e7\u00e3o com uma ventoinha de teto s\u00e3o uma alternativa ideal \u00e0 ventila\u00e7\u00e3o para o exterior.","robots":{"index":"index","follow":"follow","max-snippet":"max-snippet:-1","max-image-preview":"max-image-preview:large","max-video-preview":"max-video-preview:-1"},"canonical":"https:\/\/www.home-kueppersbusch.com\/pt-pt\/exaustores\/exaustores-de-teto\/","og_locale":"pt_PT","og_type":"article","og_title":"Exaustores de teto | K\u00fcppersbusch Portugal","og_description":"As caixas de ar circulante em combina\u00e7\u00e3o com uma ventoinha de teto s\u00e3o uma alternativa ideal \u00e0 ventila\u00e7\u00e3o para o exterior.","og_url":"https:\/\/www.home-kueppersbusch.com\/pt-pt\/exaustores\/exaustores-de-teto\/","og_site_name":"K\u00fcppersbusch Portugal","twitter_card":"summary_large_image","schema":{"@context":"https:\/\/schema.org","@graph":[{"@type":"CollectionPage","@id":"https:\/\/www.home-kueppersbusch.com\/pt-pt\/exaustores\/exaustores-de-teto\/","url":"https:\/\/www.home-kueppersbusch.com\/pt-pt\/exaustores\/exaustores-de-teto\/","name":"Exaustores de teto | K\u00fcppersbusch Portugal","isPartOf":{"@id":"https:\/\/www.home-kueppersbusch.com\/pt-pt\/#website"},"description":"As caixas de ar circulante em combina\u00e7\u00e3o com uma ventoinha de teto s\u00e3o uma alternativa ideal \u00e0 ventila\u00e7\u00e3o para o exterior.","breadcrumb":{"@id":"https:\/\/www.home-kueppersbusch.com\/pt-pt\/exaustores\/exaustores-de-teto\/#breadcrumb"},"inLanguage":"pt-PT"},{"@type":"BreadcrumbList","@id":"https:\/\/www.home-kueppersbusch.com\/pt-pt\/exaustores\/exaustores-de-teto\/#breadcrumb","itemListElement":[{"@type":"ListItem","position":1,"name":"Exaustores","item":"https:\/\/www.home-kueppersbusch.com\/pt-pt\/exaustores\/"},{"@type":"ListItem","position":2,"name":"Exaustores de teto"}]},{"@type":"WebSite","@id":"https:\/\/www.home-kueppersbusch.com\/pt-pt\/#website","url":"https:\/\/www.home-kueppersbusch.com\/pt-pt\/","name":"K\u00fcppersbusch Portugal","description":"","potentialAction":[{"@type":"SearchAction","target":{"@type":"EntryPoint","urlTemplate":"https:\/\/www.home-kueppersbusch.com\/pt-pt\/?s={search_term_string}"},"query-input":{"@type":"PropertyValueSpecification","valueRequired":true,"valueName":"search_term_string"}}],"inLanguage":"pt-PT"}]}},"_links":{"self":[{"href":"https:\/\/www.home-kueppersbusch.com\/pt-pt\/wp-json\/wp\/v2\/product_cat\/8043","targetHints":{"allow":["GET"]}}],"collection":[{"href":"https:\/\/www.home-kueppersbusch.com\/pt-pt\/wp-json\/wp\/v2\/product_cat"}],"about":[{"href":"https:\/\/www.home-kueppersbusch.com\/pt-pt\/wp-json\/wp\/v2\/taxonomies\/product_cat"}],"up":[{"embeddable":true,"href":"https:\/\/www.home-kueppersbusch.com\/pt-pt\/wp-json\/wp\/v2\/product_cat\/8042"}],"wp:post_type":[{"href":"https:\/\/www.home-kueppersbusch.com\/pt-pt\/wp-json\/wp\/v2\/product?product_cat=8043"}],"curies":[{"name":"wp","href":"https:\/\/api.w.org\/{rel}","templated":true}]}}