{"id":8630,"count":0,"description":"Des r\u00e9frig\u00e9rateurs Combi, Am\u00e9ricains et Side by Side, int\u00e9grant les derni\u00e8res technologies, le design le plus \u00e9l\u00e9gant et les meilleures performances.","link":"https:\/\/www.home-kueppersbusch.com\/fr-fr\/gamme-du-froid\/refrigerateurs\/","name":"K\u00dcPPERSBUSCH-ColdLine-Fridges","slug":"refrigerateurs","taxonomy":"product_cat","parent":8629,"meta":[],"acf":[],"yoast_head":"<!-- This site is optimized with the Yoast SEO plugin v27.5 - https:\/\/yoast.com\/product\/yoast-seo-wordpress\/ -->\n<title>R\u00e9frig\u00e9rateurs autoportants | K\u00fcppersbusch France<\/title>\n<meta name=\"description\" content=\"D\u00e9couvrez nos r\u00e9frig\u00e9rateurs autoportants : les r\u00e9frig\u00e9rateurs combi, am\u00e9ricains et Side by Side, qui disposent des derni\u00e8res technologies.\" \/>\n<meta name=\"robots\" content=\"index, follow, max-snippet:-1, max-image-preview:large, max-video-preview:-1\" \/>\n<link rel=\"canonical\" href=\"https:\/\/www.home-kueppersbusch.com\/fr-fr\/refrigerateurs\/pose-libre\/\" \/>\n<meta property=\"og:locale\" content=\"fr_FR\" \/>\n<meta property=\"og:type\" content=\"article\" \/>\n<meta property=\"og:title\" content=\"R\u00e9frig\u00e9rateurs autoportants | K\u00fcppersbusch France\" \/>\n<meta property=\"og:description\" content=\"D\u00e9couvrez nos r\u00e9frig\u00e9rateurs autoportants : les r\u00e9frig\u00e9rateurs combi, am\u00e9ricains et Side by Side, qui disposent des derni\u00e8res technologies.\" \/>\n<meta property=\"og:url\" content=\"https:\/\/www.home-kueppersbusch.com\/fr-fr\/refrigerateurs\/pose-libre\/\" \/>\n<meta property=\"og:site_name\" content=\"K\u00fcppersbusch France\" \/>\n<meta name=\"twitter:card\" content=\"summary_large_image\" \/>\n<script type=\"application\/ld+json\" class=\"yoast-schema-graph\">{\"@context\":\"https:\\\/\\\/schema.org\",\"@graph\":[{\"@type\":\"CollectionPage\",\"@id\":\"https:\\\/\\\/www.home-kueppersbusch.com\\\/fr-fr\\\/refrigerateurs\\\/pose-libre\\\/\",\"url\":\"https:\\\/\\\/www.home-kueppersbusch.com\\\/fr-fr\\\/refrigerateurs\\\/pose-libre\\\/\",\"name\":\"R\u00e9frig\u00e9rateurs autoportants | K\u00fcppersbusch France\",\"isPartOf\":{\"@id\":\"https:\\\/\\\/www.home-kueppersbusch.com\\\/fr-fr\\\/#website\"},\"description\":\"D\u00e9couvrez nos r\u00e9frig\u00e9rateurs autoportants : les r\u00e9frig\u00e9rateurs combi, am\u00e9ricains et Side by Side, qui disposent des derni\u00e8res technologies.\",\"breadcrumb\":{\"@id\":\"https:\\\/\\\/www.home-kueppersbusch.com\\\/fr-fr\\\/refrigerateurs\\\/pose-libre\\\/#breadcrumb\"},\"inLanguage\":\"fr-FR\"},{\"@type\":\"BreadcrumbList\",\"@id\":\"https:\\\/\\\/www.home-kueppersbusch.com\\\/fr-fr\\\/refrigerateurs\\\/pose-libre\\\/#breadcrumb\",\"itemListElement\":[{\"@type\":\"ListItem\",\"position\":1,\"name\":\"R\u00c9FRIG\u00c9RATEURS\",\"item\":\"https:\\\/\\\/www.home-kueppersbusch.com\\\/fr-fr\\\/refrigerateurs\\\/\"},{\"@type\":\"ListItem\",\"position\":2,\"name\":\"Pose libre\"}]},{\"@type\":\"WebSite\",\"@id\":\"https:\\\/\\\/www.home-kueppersbusch.com\\\/fr-fr\\\/#website\",\"url\":\"https:\\\/\\\/www.home-kueppersbusch.com\\\/fr-fr\\\/\",\"name\":\"K\u00fcppersbusch France\",\"description\":\"\",\"potentialAction\":[{\"@type\":\"SearchAction\",\"target\":{\"@type\":\"EntryPoint\",\"urlTemplate\":\"https:\\\/\\\/www.home-kueppersbusch.com\\\/fr-fr\\\/?s={search_term_string}\"},\"query-input\":{\"@type\":\"PropertyValueSpecification\",\"valueRequired\":true,\"valueName\":\"search_term_string\"}}],\"inLanguage\":\"fr-FR\"}]}<\/script>\n<!-- \/ Yoast SEO plugin. -->","yoast_head_json":{"title":"R\u00e9frig\u00e9rateurs autoportants | K\u00fcppersbusch France","description":"D\u00e9couvrez nos r\u00e9frig\u00e9rateurs autoportants : les r\u00e9frig\u00e9rateurs combi, am\u00e9ricains et Side by Side, qui disposent des derni\u00e8res technologies.","robots":{"index":"index","follow":"follow","max-snippet":"max-snippet:-1","max-image-preview":"max-image-preview:large","max-video-preview":"max-video-preview:-1"},"canonical":"https:\/\/www.home-kueppersbusch.com\/fr-fr\/refrigerateurs\/pose-libre\/","og_locale":"fr_FR","og_type":"article","og_title":"R\u00e9frig\u00e9rateurs autoportants | K\u00fcppersbusch France","og_description":"D\u00e9couvrez nos r\u00e9frig\u00e9rateurs autoportants : les r\u00e9frig\u00e9rateurs combi, am\u00e9ricains et Side by Side, qui disposent des derni\u00e8res technologies.","og_url":"https:\/\/www.home-kueppersbusch.com\/fr-fr\/refrigerateurs\/pose-libre\/","og_site_name":"K\u00fcppersbusch France","twitter_card":"summary_large_image","schema":{"@context":"https:\/\/schema.org","@graph":[{"@type":"CollectionPage","@id":"https:\/\/www.home-kueppersbusch.com\/fr-fr\/refrigerateurs\/pose-libre\/","url":"https:\/\/www.home-kueppersbusch.com\/fr-fr\/refrigerateurs\/pose-libre\/","name":"R\u00e9frig\u00e9rateurs autoportants | K\u00fcppersbusch France","isPartOf":{"@id":"https:\/\/www.home-kueppersbusch.com\/fr-fr\/#website"},"description":"D\u00e9couvrez nos r\u00e9frig\u00e9rateurs autoportants : les r\u00e9frig\u00e9rateurs combi, am\u00e9ricains et Side by Side, qui disposent des derni\u00e8res technologies.","breadcrumb":{"@id":"https:\/\/www.home-kueppersbusch.com\/fr-fr\/refrigerateurs\/pose-libre\/#breadcrumb"},"inLanguage":"fr-FR"},{"@type":"BreadcrumbList","@id":"https:\/\/www.home-kueppersbusch.com\/fr-fr\/refrigerateurs\/pose-libre\/#breadcrumb","itemListElement":[{"@type":"ListItem","position":1,"name":"R\u00c9FRIG\u00c9RATEURS","item":"https:\/\/www.home-kueppersbusch.com\/fr-fr\/refrigerateurs\/"},{"@type":"ListItem","position":2,"name":"Pose libre"}]},{"@type":"WebSite","@id":"https:\/\/www.home-kueppersbusch.com\/fr-fr\/#website","url":"https:\/\/www.home-kueppersbusch.com\/fr-fr\/","name":"K\u00fcppersbusch France","description":"","potentialAction":[{"@type":"SearchAction","target":{"@type":"EntryPoint","urlTemplate":"https:\/\/www.home-kueppersbusch.com\/fr-fr\/?s={search_term_string}"},"query-input":{"@type":"PropertyValueSpecification","valueRequired":true,"valueName":"search_term_string"}}],"inLanguage":"fr-FR"}]}},"_links":{"self":[{"href":"https:\/\/www.home-kueppersbusch.com\/fr-fr\/wp-json\/wp\/v2\/product_cat\/8630","targetHints":{"allow":["GET"]}}],"collection":[{"href":"https:\/\/www.home-kueppersbusch.com\/fr-fr\/wp-json\/wp\/v2\/product_cat"}],"about":[{"href":"https:\/\/www.home-kueppersbusch.com\/fr-fr\/wp-json\/wp\/v2\/taxonomies\/product_cat"}],"up":[{"embeddable":true,"href":"https:\/\/www.home-kueppersbusch.com\/fr-fr\/wp-json\/wp\/v2\/product_cat\/8629"}],"wp:post_type":[{"href":"https:\/\/www.home-kueppersbusch.com\/fr-fr\/wp-json\/wp\/v2\/product?product_cat=8630"}],"curies":[{"name":"wp","href":"https:\/\/api.w.org\/{rel}","templated":true}]}}