{"id":7858,"count":3,"description":"Les caissons de circulation d'air associ\u00e9s \u00e0 un ventilateur de plafond constituent une alternative id\u00e9ale \u00e0 la ventilation vers l'ext\u00e9rieur.","link":"https:\/\/www.home-kueppersbusch.com\/fr-be\/hottes\/hotte-integration-au-plafond\/","name":"K\u00dcPPERSBUSCH-Hoods-BuiltIn","slug":"hotte-integration-au-plafond","taxonomy":"product_cat","parent":7856,"meta":[],"acf":[],"yoast_head":"<!-- This site is optimized with the Yoast SEO plugin v27.5 - https:\/\/yoast.com\/product\/yoast-seo-wordpress\/ -->\n<title>Hotte int\u00e9gration au plafond | Teka<\/title>\n<meta name=\"robots\" content=\"index, follow, max-snippet:-1, max-image-preview:large, max-video-preview:-1\" \/>\n<link rel=\"canonical\" href=\"https:\/\/www.home-kueppersbusch.com\/fr-be\/hottes\/hotte-integration-au-plafond\/\" \/>\n<meta property=\"og:locale\" content=\"fr_FR\" \/>\n<meta property=\"og:type\" content=\"article\" \/>\n<meta property=\"og:title\" content=\"Hotte int\u00e9gration au plafond | Teka\" \/>\n<meta property=\"og:description\" content=\"Les caissons de circulation d&rsquo;air associ\u00e9s \u00e0 un ventilateur de plafond constituent une alternative id\u00e9ale \u00e0 la ventilation vers l&rsquo;ext\u00e9rieur.\" \/>\n<meta property=\"og:url\" content=\"https:\/\/www.home-kueppersbusch.com\/fr-be\/hottes\/hotte-integration-au-plafond\/\" \/>\n<meta property=\"og:site_name\" content=\"K\u00fcppersbusch Belgique\" \/>\n<meta name=\"twitter:card\" content=\"summary_large_image\" \/>\n<script type=\"application\/ld+json\" class=\"yoast-schema-graph\">{\"@context\":\"https:\\\/\\\/schema.org\",\"@graph\":[{\"@type\":\"CollectionPage\",\"@id\":\"https:\\\/\\\/www.home-kueppersbusch.com\\\/fr-be\\\/hottes\\\/hotte-integration-au-plafond\\\/\",\"url\":\"https:\\\/\\\/www.home-kueppersbusch.com\\\/fr-be\\\/hottes\\\/hotte-integration-au-plafond\\\/\",\"name\":\"Hotte int\u00e9gration au plafond | Teka\",\"isPartOf\":{\"@id\":\"https:\\\/\\\/www.home-kueppersbusch.com\\\/fr-be\\\/#website\"},\"breadcrumb\":{\"@id\":\"https:\\\/\\\/www.home-kueppersbusch.com\\\/fr-be\\\/hottes\\\/hotte-integration-au-plafond\\\/#breadcrumb\"},\"inLanguage\":\"fr-FR\"},{\"@type\":\"BreadcrumbList\",\"@id\":\"https:\\\/\\\/www.home-kueppersbusch.com\\\/fr-be\\\/hottes\\\/hotte-integration-au-plafond\\\/#breadcrumb\",\"itemListElement\":[{\"@type\":\"ListItem\",\"position\":1,\"name\":\"K\u00dcPPERSBUSCH-Hoods\",\"item\":\"https:\\\/\\\/www.home-kueppersbusch.com\\\/fr-be\\\/hottes\\\/\"},{\"@type\":\"ListItem\",\"position\":2,\"name\":\"K\u00dcPPERSBUSCH-Hoods-BuiltIn\"}]},{\"@type\":\"WebSite\",\"@id\":\"https:\\\/\\\/www.home-kueppersbusch.com\\\/fr-be\\\/#website\",\"url\":\"https:\\\/\\\/www.home-kueppersbusch.com\\\/fr-be\\\/\",\"name\":\"K\u00fcppersbusch Belgique\",\"description\":\"\",\"potentialAction\":[{\"@type\":\"SearchAction\",\"target\":{\"@type\":\"EntryPoint\",\"urlTemplate\":\"https:\\\/\\\/www.home-kueppersbusch.com\\\/fr-be\\\/?s={search_term_string}\"},\"query-input\":{\"@type\":\"PropertyValueSpecification\",\"valueRequired\":true,\"valueName\":\"search_term_string\"}}],\"inLanguage\":\"fr-FR\"}]}<\/script>\n<!-- \/ Yoast SEO plugin. -->","yoast_head_json":{"title":"Hotte int\u00e9gration au plafond | Teka","robots":{"index":"index","follow":"follow","max-snippet":"max-snippet:-1","max-image-preview":"max-image-preview:large","max-video-preview":"max-video-preview:-1"},"canonical":"https:\/\/www.home-kueppersbusch.com\/fr-be\/hottes\/hotte-integration-au-plafond\/","og_locale":"fr_FR","og_type":"article","og_title":"Hotte int\u00e9gration au plafond | Teka","og_description":"Les caissons de circulation d&rsquo;air associ\u00e9s \u00e0 un ventilateur de plafond constituent une alternative id\u00e9ale \u00e0 la ventilation vers l&rsquo;ext\u00e9rieur.","og_url":"https:\/\/www.home-kueppersbusch.com\/fr-be\/hottes\/hotte-integration-au-plafond\/","og_site_name":"K\u00fcppersbusch Belgique","twitter_card":"summary_large_image","schema":{"@context":"https:\/\/schema.org","@graph":[{"@type":"CollectionPage","@id":"https:\/\/www.home-kueppersbusch.com\/fr-be\/hottes\/hotte-integration-au-plafond\/","url":"https:\/\/www.home-kueppersbusch.com\/fr-be\/hottes\/hotte-integration-au-plafond\/","name":"Hotte int\u00e9gration au plafond | Teka","isPartOf":{"@id":"https:\/\/www.home-kueppersbusch.com\/fr-be\/#website"},"breadcrumb":{"@id":"https:\/\/www.home-kueppersbusch.com\/fr-be\/hottes\/hotte-integration-au-plafond\/#breadcrumb"},"inLanguage":"fr-FR"},{"@type":"BreadcrumbList","@id":"https:\/\/www.home-kueppersbusch.com\/fr-be\/hottes\/hotte-integration-au-plafond\/#breadcrumb","itemListElement":[{"@type":"ListItem","position":1,"name":"K\u00dcPPERSBUSCH-Hoods","item":"https:\/\/www.home-kueppersbusch.com\/fr-be\/hottes\/"},{"@type":"ListItem","position":2,"name":"K\u00dcPPERSBUSCH-Hoods-BuiltIn"}]},{"@type":"WebSite","@id":"https:\/\/www.home-kueppersbusch.com\/fr-be\/#website","url":"https:\/\/www.home-kueppersbusch.com\/fr-be\/","name":"K\u00fcppersbusch Belgique","description":"","potentialAction":[{"@type":"SearchAction","target":{"@type":"EntryPoint","urlTemplate":"https:\/\/www.home-kueppersbusch.com\/fr-be\/?s={search_term_string}"},"query-input":{"@type":"PropertyValueSpecification","valueRequired":true,"valueName":"search_term_string"}}],"inLanguage":"fr-FR"}]}},"_links":{"self":[{"href":"https:\/\/www.home-kueppersbusch.com\/fr-be\/wp-json\/wp\/v2\/product_cat\/7858","targetHints":{"allow":["GET"]}}],"collection":[{"href":"https:\/\/www.home-kueppersbusch.com\/fr-be\/wp-json\/wp\/v2\/product_cat"}],"about":[{"href":"https:\/\/www.home-kueppersbusch.com\/fr-be\/wp-json\/wp\/v2\/taxonomies\/product_cat"}],"up":[{"embeddable":true,"href":"https:\/\/www.home-kueppersbusch.com\/fr-be\/wp-json\/wp\/v2\/product_cat\/7856"}],"wp:post_type":[{"href":"https:\/\/www.home-kueppersbusch.com\/fr-be\/wp-json\/wp\/v2\/product?product_cat=7858"}],"curies":[{"name":"wp","href":"https:\/\/api.w.org\/{rel}","templated":true}]}}