{"id":7843,"count":3,"description":"La gamme du froid de K\u00fcppersbusch offre une technologie de pointe, avec des zones de refroidissement intelligentes qui s'adaptent \u00e0 vos besoins.","link":"https:\/\/www.home-kueppersbusch.com\/fr-be\/gamme-du-froid\/congelateur\/","name":"K\u00dcPPERSBUSCH-ColdLine-Freezers","slug":"congelateur","taxonomy":"product_cat","parent":7841,"meta":[],"acf":[],"yoast_head":"<!-- This site is optimized with the Yoast SEO plugin v27.5 - https:\/\/yoast.com\/product\/yoast-seo-wordpress\/ -->\n<title>Cong\u00e9lateur | Teka<\/title>\n<meta name=\"robots\" content=\"index, follow, max-snippet:-1, max-image-preview:large, max-video-preview:-1\" \/>\n<link rel=\"canonical\" href=\"https:\/\/www.home-kueppersbusch.com\/fr-be\/gamme-du-froid\/congelateur\/\" \/>\n<meta property=\"og:locale\" content=\"fr_FR\" \/>\n<meta property=\"og:type\" content=\"article\" \/>\n<meta property=\"og:title\" content=\"Cong\u00e9lateur | Teka\" \/>\n<meta property=\"og:description\" content=\"La gamme du froid de K\u00fcppersbusch offre une technologie de pointe, avec des zones de refroidissement intelligentes qui s&rsquo;adaptent \u00e0 vos besoins.\" \/>\n<meta property=\"og:url\" content=\"https:\/\/www.home-kueppersbusch.com\/fr-be\/gamme-du-froid\/congelateur\/\" \/>\n<meta property=\"og:site_name\" content=\"K\u00fcppersbusch Belgique\" \/>\n<meta name=\"twitter:card\" content=\"summary_large_image\" \/>\n<script type=\"application\/ld+json\" class=\"yoast-schema-graph\">{\"@context\":\"https:\\\/\\\/schema.org\",\"@graph\":[{\"@type\":\"CollectionPage\",\"@id\":\"https:\\\/\\\/www.home-kueppersbusch.com\\\/fr-be\\\/gamme-du-froid\\\/congelateur\\\/\",\"url\":\"https:\\\/\\\/www.home-kueppersbusch.com\\\/fr-be\\\/gamme-du-froid\\\/congelateur\\\/\",\"name\":\"Cong\u00e9lateur | Teka\",\"isPartOf\":{\"@id\":\"https:\\\/\\\/www.home-kueppersbusch.com\\\/fr-be\\\/#website\"},\"breadcrumb\":{\"@id\":\"https:\\\/\\\/www.home-kueppersbusch.com\\\/fr-be\\\/gamme-du-froid\\\/congelateur\\\/#breadcrumb\"},\"inLanguage\":\"fr-FR\"},{\"@type\":\"BreadcrumbList\",\"@id\":\"https:\\\/\\\/www.home-kueppersbusch.com\\\/fr-be\\\/gamme-du-froid\\\/congelateur\\\/#breadcrumb\",\"itemListElement\":[{\"@type\":\"ListItem\",\"position\":1,\"name\":\"K\u00dcPPERSBUSCH-ColdLine\",\"item\":\"https:\\\/\\\/www.home-kueppersbusch.com\\\/fr-be\\\/gamme-du-froid\\\/\"},{\"@type\":\"ListItem\",\"position\":2,\"name\":\"K\u00dcPPERSBUSCH-ColdLine-Freezers\"}]},{\"@type\":\"WebSite\",\"@id\":\"https:\\\/\\\/www.home-kueppersbusch.com\\\/fr-be\\\/#website\",\"url\":\"https:\\\/\\\/www.home-kueppersbusch.com\\\/fr-be\\\/\",\"name\":\"K\u00fcppersbusch Belgique\",\"description\":\"\",\"potentialAction\":[{\"@type\":\"SearchAction\",\"target\":{\"@type\":\"EntryPoint\",\"urlTemplate\":\"https:\\\/\\\/www.home-kueppersbusch.com\\\/fr-be\\\/?s={search_term_string}\"},\"query-input\":{\"@type\":\"PropertyValueSpecification\",\"valueRequired\":true,\"valueName\":\"search_term_string\"}}],\"inLanguage\":\"fr-FR\"}]}<\/script>\n<!-- \/ Yoast SEO plugin. -->","yoast_head_json":{"title":"Cong\u00e9lateur | Teka","robots":{"index":"index","follow":"follow","max-snippet":"max-snippet:-1","max-image-preview":"max-image-preview:large","max-video-preview":"max-video-preview:-1"},"canonical":"https:\/\/www.home-kueppersbusch.com\/fr-be\/gamme-du-froid\/congelateur\/","og_locale":"fr_FR","og_type":"article","og_title":"Cong\u00e9lateur | Teka","og_description":"La gamme du froid de K\u00fcppersbusch offre une technologie de pointe, avec des zones de refroidissement intelligentes qui s&rsquo;adaptent \u00e0 vos besoins.","og_url":"https:\/\/www.home-kueppersbusch.com\/fr-be\/gamme-du-froid\/congelateur\/","og_site_name":"K\u00fcppersbusch Belgique","twitter_card":"summary_large_image","schema":{"@context":"https:\/\/schema.org","@graph":[{"@type":"CollectionPage","@id":"https:\/\/www.home-kueppersbusch.com\/fr-be\/gamme-du-froid\/congelateur\/","url":"https:\/\/www.home-kueppersbusch.com\/fr-be\/gamme-du-froid\/congelateur\/","name":"Cong\u00e9lateur | Teka","isPartOf":{"@id":"https:\/\/www.home-kueppersbusch.com\/fr-be\/#website"},"breadcrumb":{"@id":"https:\/\/www.home-kueppersbusch.com\/fr-be\/gamme-du-froid\/congelateur\/#breadcrumb"},"inLanguage":"fr-FR"},{"@type":"BreadcrumbList","@id":"https:\/\/www.home-kueppersbusch.com\/fr-be\/gamme-du-froid\/congelateur\/#breadcrumb","itemListElement":[{"@type":"ListItem","position":1,"name":"K\u00dcPPERSBUSCH-ColdLine","item":"https:\/\/www.home-kueppersbusch.com\/fr-be\/gamme-du-froid\/"},{"@type":"ListItem","position":2,"name":"K\u00dcPPERSBUSCH-ColdLine-Freezers"}]},{"@type":"WebSite","@id":"https:\/\/www.home-kueppersbusch.com\/fr-be\/#website","url":"https:\/\/www.home-kueppersbusch.com\/fr-be\/","name":"K\u00fcppersbusch Belgique","description":"","potentialAction":[{"@type":"SearchAction","target":{"@type":"EntryPoint","urlTemplate":"https:\/\/www.home-kueppersbusch.com\/fr-be\/?s={search_term_string}"},"query-input":{"@type":"PropertyValueSpecification","valueRequired":true,"valueName":"search_term_string"}}],"inLanguage":"fr-FR"}]}},"_links":{"self":[{"href":"https:\/\/www.home-kueppersbusch.com\/fr-be\/wp-json\/wp\/v2\/product_cat\/7843","targetHints":{"allow":["GET"]}}],"collection":[{"href":"https:\/\/www.home-kueppersbusch.com\/fr-be\/wp-json\/wp\/v2\/product_cat"}],"about":[{"href":"https:\/\/www.home-kueppersbusch.com\/fr-be\/wp-json\/wp\/v2\/taxonomies\/product_cat"}],"up":[{"embeddable":true,"href":"https:\/\/www.home-kueppersbusch.com\/fr-be\/wp-json\/wp\/v2\/product_cat\/7841"}],"wp:post_type":[{"href":"https:\/\/www.home-kueppersbusch.com\/fr-be\/wp-json\/wp\/v2\/product?product_cat=7843"}],"curies":[{"name":"wp","href":"https:\/\/api.w.org\/{rel}","templated":true}]}}