{"id":70061,"count":9,"description":"En K\u00fcppersbusch dise\u00f1amos la \u00faltima tecnolog\u00eda en cafeteras autom\u00e1ticas, en las que puedes utilizar tanto caf\u00e9 en grano como molido. Adem\u00e1s, las cafeteras incorporan funci\u00f3n capuchino y control totalmente digital. Un complemento de lujo para tu cocina.","link":"https:\/\/www.home-kueppersbusch.com\/es-es\/hornos-y-compactos\/cafeteras\/","name":"K\u00dcPPERSBUSCH-CoffeeMachines","slug":"cafeteras","taxonomy":"product_cat","parent":70435,"meta":[],"acf":[],"yoast_head":"<!-- This site is optimized with the Yoast SEO plugin v27.5 - https:\/\/yoast.com\/product\/yoast-seo-wordpress\/ -->\n<title>Cafeteras y m\u00e1quinas de caf\u00e9 | K\u00fcppersbusch Espa\u00f1a<\/title>\n<meta name=\"description\" content=\"En K\u00fcppersbusch dise\u00f1amos la \u00faltima tecnolog\u00eda en cafeteras y m\u00e1quinas de caf\u00e9 autom\u00e1ticas, en las que puedes utilizar tanto caf\u00e9 en grano como molido.\" \/>\n<meta name=\"robots\" content=\"index, follow, max-snippet:-1, max-image-preview:large, max-video-preview:-1\" \/>\n<link rel=\"canonical\" href=\"https:\/\/www.home-kueppersbusch.com\/es-es\/hornos\/cafeteras\/\" \/>\n<meta property=\"og:locale\" content=\"es_ES\" \/>\n<meta property=\"og:type\" content=\"article\" \/>\n<meta property=\"og:title\" content=\"Cafeteras y m\u00e1quinas de caf\u00e9 | K\u00fcppersbusch Espa\u00f1a\" \/>\n<meta property=\"og:description\" content=\"En K\u00fcppersbusch dise\u00f1amos la \u00faltima tecnolog\u00eda en cafeteras y m\u00e1quinas de caf\u00e9 autom\u00e1ticas, en las que puedes utilizar tanto caf\u00e9 en grano como molido.\" \/>\n<meta property=\"og:url\" content=\"https:\/\/www.home-kueppersbusch.com\/es-es\/hornos\/cafeteras\/\" \/>\n<meta property=\"og:site_name\" content=\"K\u00fcppersbusch Espa\u00f1a\" \/>\n<meta name=\"twitter:card\" content=\"summary_large_image\" \/>\n<script type=\"application\/ld+json\" class=\"yoast-schema-graph\">{\"@context\":\"https:\\\/\\\/schema.org\",\"@graph\":[{\"@type\":\"CollectionPage\",\"@id\":\"https:\\\/\\\/www.home-kueppersbusch.com\\\/es-es\\\/hornos\\\/cafeteras\\\/\",\"url\":\"https:\\\/\\\/www.home-kueppersbusch.com\\\/es-es\\\/hornos\\\/cafeteras\\\/\",\"name\":\"Cafeteras y m\u00e1quinas de caf\u00e9 | K\u00fcppersbusch Espa\u00f1a\",\"isPartOf\":{\"@id\":\"https:\\\/\\\/www.home-kueppersbusch.com\\\/es-es\\\/#website\"},\"description\":\"En K\u00fcppersbusch dise\u00f1amos la \u00faltima tecnolog\u00eda en cafeteras y m\u00e1quinas de caf\u00e9 autom\u00e1ticas, en las que puedes utilizar tanto caf\u00e9 en grano como molido.\",\"inLanguage\":\"es\"},{\"@type\":\"WebSite\",\"@id\":\"https:\\\/\\\/www.home-kueppersbusch.com\\\/es-es\\\/#website\",\"url\":\"https:\\\/\\\/www.home-kueppersbusch.com\\\/es-es\\\/\",\"name\":\"K\u00fcppersbusch Espa\u00f1a\",\"description\":\"\",\"publisher\":{\"@id\":\"https:\\\/\\\/www.home-kueppersbusch.com\\\/es-es\\\/#organization\"},\"potentialAction\":[{\"@type\":\"SearchAction\",\"target\":{\"@type\":\"EntryPoint\",\"urlTemplate\":\"https:\\\/\\\/www.home-kueppersbusch.com\\\/es-es\\\/?s={search_term_string}\"},\"query-input\":{\"@type\":\"PropertyValueSpecification\",\"valueRequired\":true,\"valueName\":\"search_term_string\"}}],\"inLanguage\":\"es\"},{\"@type\":\"Organization\",\"@id\":\"https:\\\/\\\/www.home-kueppersbusch.com\\\/es-es\\\/#organization\",\"name\":\"K\u00fcppersbusch Espa\u00f1a\",\"url\":\"https:\\\/\\\/www.home-kueppersbusch.com\\\/es-es\\\/\",\"logo\":{\"@type\":\"ImageObject\",\"inLanguage\":\"es\",\"@id\":\"https:\\\/\\\/www.home-kueppersbusch.com\\\/es-es\\\/#\\\/schema\\\/logo\\\/image\\\/\",\"url\":\"https:\\\/\\\/www.home-kueppersbusch.com\\\/es-es\\\/wp-content\\\/uploads\\\/sites\\\/2\\\/2020\\\/05\\\/logo-kuppersbusch.png\",\"contentUrl\":\"https:\\\/\\\/www.home-kueppersbusch.com\\\/es-es\\\/wp-content\\\/uploads\\\/sites\\\/2\\\/2020\\\/05\\\/logo-kuppersbusch.png\",\"width\":500,\"height\":90,\"caption\":\"K\u00fcppersbusch Espa\u00f1a\"},\"image\":{\"@id\":\"https:\\\/\\\/www.home-kueppersbusch.com\\\/es-es\\\/#\\\/schema\\\/logo\\\/image\\\/\"}}]}<\/script>\n<!-- \/ Yoast SEO plugin. -->","yoast_head_json":{"title":"Cafeteras y m\u00e1quinas de caf\u00e9 | K\u00fcppersbusch Espa\u00f1a","description":"En K\u00fcppersbusch dise\u00f1amos la \u00faltima tecnolog\u00eda en cafeteras y m\u00e1quinas de caf\u00e9 autom\u00e1ticas, en las que puedes utilizar tanto caf\u00e9 en grano como molido.","robots":{"index":"index","follow":"follow","max-snippet":"max-snippet:-1","max-image-preview":"max-image-preview:large","max-video-preview":"max-video-preview:-1"},"canonical":"https:\/\/www.home-kueppersbusch.com\/es-es\/hornos\/cafeteras\/","og_locale":"es_ES","og_type":"article","og_title":"Cafeteras y m\u00e1quinas de caf\u00e9 | K\u00fcppersbusch Espa\u00f1a","og_description":"En K\u00fcppersbusch dise\u00f1amos la \u00faltima tecnolog\u00eda en cafeteras y m\u00e1quinas de caf\u00e9 autom\u00e1ticas, en las que puedes utilizar tanto caf\u00e9 en grano como molido.","og_url":"https:\/\/www.home-kueppersbusch.com\/es-es\/hornos\/cafeteras\/","og_site_name":"K\u00fcppersbusch Espa\u00f1a","twitter_card":"summary_large_image","schema":{"@context":"https:\/\/schema.org","@graph":[{"@type":"CollectionPage","@id":"https:\/\/www.home-kueppersbusch.com\/es-es\/hornos\/cafeteras\/","url":"https:\/\/www.home-kueppersbusch.com\/es-es\/hornos\/cafeteras\/","name":"Cafeteras y m\u00e1quinas de caf\u00e9 | K\u00fcppersbusch Espa\u00f1a","isPartOf":{"@id":"https:\/\/www.home-kueppersbusch.com\/es-es\/#website"},"description":"En K\u00fcppersbusch dise\u00f1amos la \u00faltima tecnolog\u00eda en cafeteras y m\u00e1quinas de caf\u00e9 autom\u00e1ticas, en las que puedes utilizar tanto caf\u00e9 en grano como molido.","inLanguage":"es"},{"@type":"WebSite","@id":"https:\/\/www.home-kueppersbusch.com\/es-es\/#website","url":"https:\/\/www.home-kueppersbusch.com\/es-es\/","name":"K\u00fcppersbusch Espa\u00f1a","description":"","publisher":{"@id":"https:\/\/www.home-kueppersbusch.com\/es-es\/#organization"},"potentialAction":[{"@type":"SearchAction","target":{"@type":"EntryPoint","urlTemplate":"https:\/\/www.home-kueppersbusch.com\/es-es\/?s={search_term_string}"},"query-input":{"@type":"PropertyValueSpecification","valueRequired":true,"valueName":"search_term_string"}}],"inLanguage":"es"},{"@type":"Organization","@id":"https:\/\/www.home-kueppersbusch.com\/es-es\/#organization","name":"K\u00fcppersbusch Espa\u00f1a","url":"https:\/\/www.home-kueppersbusch.com\/es-es\/","logo":{"@type":"ImageObject","inLanguage":"es","@id":"https:\/\/www.home-kueppersbusch.com\/es-es\/#\/schema\/logo\/image\/","url":"https:\/\/www.home-kueppersbusch.com\/es-es\/wp-content\/uploads\/sites\/2\/2020\/05\/logo-kuppersbusch.png","contentUrl":"https:\/\/www.home-kueppersbusch.com\/es-es\/wp-content\/uploads\/sites\/2\/2020\/05\/logo-kuppersbusch.png","width":500,"height":90,"caption":"K\u00fcppersbusch Espa\u00f1a"},"image":{"@id":"https:\/\/www.home-kueppersbusch.com\/es-es\/#\/schema\/logo\/image\/"}}]}},"_links":{"self":[{"href":"https:\/\/www.home-kueppersbusch.com\/es-es\/wp-json\/wp\/v2\/product_cat\/70061","targetHints":{"allow":["GET"]}}],"collection":[{"href":"https:\/\/www.home-kueppersbusch.com\/es-es\/wp-json\/wp\/v2\/product_cat"}],"about":[{"href":"https:\/\/www.home-kueppersbusch.com\/es-es\/wp-json\/wp\/v2\/taxonomies\/product_cat"}],"up":[{"embeddable":true,"href":"https:\/\/www.home-kueppersbusch.com\/es-es\/wp-json\/wp\/v2\/product_cat\/70435"}],"wp:post_type":[{"href":"https:\/\/www.home-kueppersbusch.com\/es-es\/wp-json\/wp\/v2\/product?product_cat=70061"}],"curies":[{"name":"wp","href":"https:\/\/api.w.org\/{rel}","templated":true}]}}