{"id":9033,"count":15,"description":"Die passende W\u00e4rme- und Garschublade unter dem Kaffeeautomaten, Vakuumierschublade und Dampfgarer als Sous-Vide Kombination oder die praktische Zubeh\u00f6rschublade unter dem Kompaktbackofen \u2013 K\u00fcppersbusch bietet die passende Kombination.","link":"https:\/\/www.home-kueppersbusch.com\/de-at\/backoefen-und-kompaktgeraete\/funktionsschubladen\/","name":"K\u00dcPPERSBUSCH-Ovens-Drawers","slug":"funktionsschubladen","taxonomy":"product_cat","parent":9023,"meta":[],"acf":[],"yoast_head":"<!-- This site is optimized with the Yoast SEO plugin v27.5 - https:\/\/yoast.com\/product\/yoast-seo-wordpress\/ -->\n<title>Schubladen | K\u00fcppersbusch \u00d6sterreich<\/title>\n<meta name=\"description\" content=\"Die passende W\u00e4rme- und Garschublade unter dem Kaffeeautomaten, Vakuumierschublade und Dampfgarer als Sous-Vide Kombination oder die praktische Zubeh\u00f6rschublade unter dem Kompaktbackofen.\" \/>\n<meta name=\"robots\" content=\"index, follow, max-snippet:-1, max-image-preview:large, max-video-preview:-1\" \/>\n<link rel=\"canonical\" href=\"https:\/\/www.home-kueppersbusch.com\/de-at\/backoefen-und-kompaktgeraete\/schubladen\/\" \/>\n<meta property=\"og:locale\" content=\"de_DE\" \/>\n<meta property=\"og:type\" content=\"article\" \/>\n<meta property=\"og:title\" content=\"Schubladen | K\u00fcppersbusch \u00d6sterreich\" \/>\n<meta property=\"og:description\" content=\"Die passende W\u00e4rme- und Garschublade unter dem Kaffeeautomaten, Vakuumierschublade und Dampfgarer als Sous-Vide Kombination oder die praktische Zubeh\u00f6rschublade unter dem Kompaktbackofen.\" \/>\n<meta property=\"og:url\" content=\"https:\/\/www.home-kueppersbusch.com\/de-at\/backoefen-und-kompaktgeraete\/schubladen\/\" \/>\n<meta property=\"og:site_name\" content=\"K\u00fcppersbusch Austria\" \/>\n<meta name=\"twitter:card\" content=\"summary_large_image\" \/>\n<script type=\"application\/ld+json\" class=\"yoast-schema-graph\">{\"@context\":\"https:\\\/\\\/schema.org\",\"@graph\":[{\"@type\":\"CollectionPage\",\"@id\":\"https:\\\/\\\/www.home-kueppersbusch.com\\\/de-at\\\/backoefen-und-kompaktgeraete\\\/schubladen\\\/\",\"url\":\"https:\\\/\\\/www.home-kueppersbusch.com\\\/de-at\\\/backoefen-und-kompaktgeraete\\\/schubladen\\\/\",\"name\":\"Schubladen | K\u00fcppersbusch \u00d6sterreich\",\"isPartOf\":{\"@id\":\"https:\\\/\\\/www.home-kueppersbusch.com\\\/de-at\\\/#website\"},\"description\":\"Die passende W\u00e4rme- und Garschublade unter dem Kaffeeautomaten, Vakuumierschublade und Dampfgarer als Sous-Vide Kombination oder die praktische Zubeh\u00f6rschublade unter dem Kompaktbackofen.\",\"breadcrumb\":{\"@id\":\"https:\\\/\\\/www.home-kueppersbusch.com\\\/de-at\\\/backoefen-und-kompaktgeraete\\\/schubladen\\\/#breadcrumb\"},\"inLanguage\":\"de\"},{\"@type\":\"BreadcrumbList\",\"@id\":\"https:\\\/\\\/www.home-kueppersbusch.com\\\/de-at\\\/backoefen-und-kompaktgeraete\\\/schubladen\\\/#breadcrumb\",\"itemListElement\":[{\"@type\":\"ListItem\",\"position\":1,\"name\":\"Back\u00f6fen und Kompaktger\u00e4te\",\"item\":\"https:\\\/\\\/www.home-kueppersbusch.com\\\/de-at\\\/backoefen-und-kompaktgeraete\\\/\"},{\"@type\":\"ListItem\",\"position\":2,\"name\":\"Schubladen\"}]},{\"@type\":\"WebSite\",\"@id\":\"https:\\\/\\\/www.home-kueppersbusch.com\\\/de-at\\\/#website\",\"url\":\"https:\\\/\\\/www.home-kueppersbusch.com\\\/de-at\\\/\",\"name\":\"K\u00fcppersbusch Austria\",\"description\":\"\",\"potentialAction\":[{\"@type\":\"SearchAction\",\"target\":{\"@type\":\"EntryPoint\",\"urlTemplate\":\"https:\\\/\\\/www.home-kueppersbusch.com\\\/de-at\\\/?s={search_term_string}\"},\"query-input\":{\"@type\":\"PropertyValueSpecification\",\"valueRequired\":true,\"valueName\":\"search_term_string\"}}],\"inLanguage\":\"de\"}]}<\/script>\n<!-- \/ Yoast SEO plugin. -->","yoast_head_json":{"title":"Schubladen | K\u00fcppersbusch \u00d6sterreich","description":"Die passende W\u00e4rme- und Garschublade unter dem Kaffeeautomaten, Vakuumierschublade und Dampfgarer als Sous-Vide Kombination oder die praktische Zubeh\u00f6rschublade unter dem Kompaktbackofen.","robots":{"index":"index","follow":"follow","max-snippet":"max-snippet:-1","max-image-preview":"max-image-preview:large","max-video-preview":"max-video-preview:-1"},"canonical":"https:\/\/www.home-kueppersbusch.com\/de-at\/backoefen-und-kompaktgeraete\/schubladen\/","og_locale":"de_DE","og_type":"article","og_title":"Schubladen | K\u00fcppersbusch \u00d6sterreich","og_description":"Die passende W\u00e4rme- und Garschublade unter dem Kaffeeautomaten, Vakuumierschublade und Dampfgarer als Sous-Vide Kombination oder die praktische Zubeh\u00f6rschublade unter dem Kompaktbackofen.","og_url":"https:\/\/www.home-kueppersbusch.com\/de-at\/backoefen-und-kompaktgeraete\/schubladen\/","og_site_name":"K\u00fcppersbusch Austria","twitter_card":"summary_large_image","schema":{"@context":"https:\/\/schema.org","@graph":[{"@type":"CollectionPage","@id":"https:\/\/www.home-kueppersbusch.com\/de-at\/backoefen-und-kompaktgeraete\/schubladen\/","url":"https:\/\/www.home-kueppersbusch.com\/de-at\/backoefen-und-kompaktgeraete\/schubladen\/","name":"Schubladen | K\u00fcppersbusch \u00d6sterreich","isPartOf":{"@id":"https:\/\/www.home-kueppersbusch.com\/de-at\/#website"},"description":"Die passende W\u00e4rme- und Garschublade unter dem Kaffeeautomaten, Vakuumierschublade und Dampfgarer als Sous-Vide Kombination oder die praktische Zubeh\u00f6rschublade unter dem Kompaktbackofen.","breadcrumb":{"@id":"https:\/\/www.home-kueppersbusch.com\/de-at\/backoefen-und-kompaktgeraete\/schubladen\/#breadcrumb"},"inLanguage":"de"},{"@type":"BreadcrumbList","@id":"https:\/\/www.home-kueppersbusch.com\/de-at\/backoefen-und-kompaktgeraete\/schubladen\/#breadcrumb","itemListElement":[{"@type":"ListItem","position":1,"name":"Back\u00f6fen und Kompaktger\u00e4te","item":"https:\/\/www.home-kueppersbusch.com\/de-at\/backoefen-und-kompaktgeraete\/"},{"@type":"ListItem","position":2,"name":"Schubladen"}]},{"@type":"WebSite","@id":"https:\/\/www.home-kueppersbusch.com\/de-at\/#website","url":"https:\/\/www.home-kueppersbusch.com\/de-at\/","name":"K\u00fcppersbusch Austria","description":"","potentialAction":[{"@type":"SearchAction","target":{"@type":"EntryPoint","urlTemplate":"https:\/\/www.home-kueppersbusch.com\/de-at\/?s={search_term_string}"},"query-input":{"@type":"PropertyValueSpecification","valueRequired":true,"valueName":"search_term_string"}}],"inLanguage":"de"}]}},"_links":{"self":[{"href":"https:\/\/www.home-kueppersbusch.com\/de-at\/wp-json\/wp\/v2\/product_cat\/9033","targetHints":{"allow":["GET"]}}],"collection":[{"href":"https:\/\/www.home-kueppersbusch.com\/de-at\/wp-json\/wp\/v2\/product_cat"}],"about":[{"href":"https:\/\/www.home-kueppersbusch.com\/de-at\/wp-json\/wp\/v2\/taxonomies\/product_cat"}],"up":[{"embeddable":true,"href":"https:\/\/www.home-kueppersbusch.com\/de-at\/wp-json\/wp\/v2\/product_cat\/9023"}],"wp:post_type":[{"href":"https:\/\/www.home-kueppersbusch.com\/de-at\/wp-json\/wp\/v2\/product?product_cat=9033"}],"curies":[{"name":"wp","href":"https:\/\/api.w.org\/{rel}","templated":true}]}}